{"id":49,"date":"2021-03-02T21:12:49","date_gmt":"2021-03-02T20:12:49","guid":{"rendered":"https:\/\/lunacek.org\/blog\/?p=49"},"modified":"2021-03-02T21:19:04","modified_gmt":"2021-03-02T20:19:04","slug":"pozadejte-o-dotaci-z-programu-nova-zelena-usporam-vcas","status":"publish","type":"post","link":"https:\/\/lunacek.org\/blog\/pozadejte-o-dotaci-z-programu-nova-zelena-usporam-vcas\/","title":{"rendered":"Po\u017e\u00e1dejte o dotaci z programu Nov\u00e1 zelen\u00e1 \u00faspor\u00e1m v\u010das"},"content":{"rendered":"<h1>Po\u017e\u00e1dejte o dotaci z programu Nov\u00e1 zelen\u00e1 \u00faspor\u00e1m v\u010das<\/h1>\n<h3>Chcete stav\u011bt \u010di rekonstruovat d\u016fm? M\u00e1te z\u00e1jem o tepeln\u00e9 \u010derpadlo? Nebo prost\u011b chcete zlep\u0161it kvalitu sv\u00e9ho bydlen\u00ed za rozumn\u00e9 pen\u00edze? Pak nev\u00e1hejte a co nejd\u0159\u00edve se zapojte do dota\u010dn\u00edho programu <strong>Nov\u00e1 zelen\u00e1 \u00faspor\u00e1m<\/strong>. St\u00e1vaj\u00edc\u00ed podoba v sou\u010dasnosti nej\u017e\u00e1dan\u011bj\u0161\u00edho programu <strong>kon\u010d\u00ed na konci roku 2021<\/strong>.<\/h3>\n<h3>Zapojte se v\u010das<\/h3>\n<p>Nejv\u011bt\u0161\u00ed dota\u010dn\u00ed program sou\u010dasnosti, kter\u00fd je zam\u011b\u0159en\u00fd prim\u00e1rn\u011b na \u00faspory energi\u00ed v rodinn\u00fdch a bytov\u00fdch domech, vyu\u017eily ji\u017e des\u00edtky tis\u00edc z\u00e1jemc\u016f. Od roku 2013, kdy tento program vznikl, bylo vypl\u00e1ceno v\u00edce ne\u017e 7 miliard korun.<\/p>\n<p>Podle St\u00e1tn\u00edho fondu \u017eivotn\u00edho prost\u0159ed\u00ed \u010cR, kter\u00fd program spravuje, celkov\u00e9 dostupn\u00e9 zdroje rychle vysychaj\u00ed a oproti p\u016fvodn\u00edmu pl\u00e1nu ji\u017e nyn\u00ed chyb\u00ed zhruba miliarda korun. Nav\u00edc nen\u00ed jist\u00e9, \u017ee v dal\u0161\u00edch letech bude podobn\u011b \u0161t\u011bdr\u00fd program v\u016fbec vyps\u00e1n. Logicky tedy z\u00e1jem dom\u00e1cnost\u00ed o dotace v posledn\u00ed dob\u011b v\u00fdrazn\u011b stoup\u00e1. Nyn\u00ed je tedy ide\u00e1ln\u00ed \u010das <strong>zapojit se do projektu a po\u017e\u00e1dat o dotaci.<\/strong><\/p>\n<figure id=\"attachment_51\" aria-describedby=\"caption-attachment-51\" style=\"width: 640px\" class=\"wp-caption alignnone\"><img loading=\"lazy\" class=\"wp-image-51 size-large\" src=\"https:\/\/lunacek.org\/blog\/wp-content\/uploads\/2021\/03\/zelena-usporam-doplnkova-varianta-lg-1024x110.png\" alt=\"\" width=\"640\" height=\"69\" srcset=\"https:\/\/lunacek.org\/blog\/wp-content\/uploads\/2021\/03\/zelena-usporam-doplnkova-varianta-lg-1024x110.png 1024w, https:\/\/lunacek.org\/blog\/wp-content\/uploads\/2021\/03\/zelena-usporam-doplnkova-varianta-lg-300x32.png 300w, https:\/\/lunacek.org\/blog\/wp-content\/uploads\/2021\/03\/zelena-usporam-doplnkova-varianta-lg-768x82.png 768w, https:\/\/lunacek.org\/blog\/wp-content\/uploads\/2021\/03\/zelena-usporam-doplnkova-varianta-lg-1536x165.png 1536w, https:\/\/lunacek.org\/blog\/wp-content\/uploads\/2021\/03\/zelena-usporam-doplnkova-varianta-lg-2048x220.png 2048w, https:\/\/lunacek.org\/blog\/wp-content\/uploads\/2021\/03\/zelena-usporam-doplnkova-varianta-lg-1568x168.png 1568w\" sizes=\"(max-width: 640px) 100vw, 640px\" \/><figcaption id=\"caption-attachment-51\" class=\"wp-caption-text\">Logo programu Nov\u00e1 zelen\u00e1 \u00faspor\u00e1m<\/figcaption><\/figure>\n<p>Z programu je mo\u017en\u00e9 \u010derpat pen\u00edze na projekty <strong>na v\u00fdstavbu nov\u00fdch rodinn\u00fdch a bytov\u00fdch dom\u016f, sni\u017eov\u00e1n\u00ed energetick\u00e9 n\u00e1ro\u010dnosti ve st\u00e1vaj\u00edc\u00edch budov\u00e1ch nebo na obnoviteln\u00e9 zdroje energie<\/strong>. Nejv\u011bt\u0161\u00ed z\u00e1jem mezi \u017eadateli je o zateplen\u00ed rodinn\u00fdch dom\u016f, v\u00fdm\u011bnu oken a dve\u0159\u00ed, modernizaci syst\u00e9mu vyt\u00e1p\u011bn\u00ed nebo na instalaci sol\u00e1rn\u00edch syst\u00e9m\u016f. Nov\u00e1 zelen\u00e1 \u00faspor\u00e1m <strong>dok\u00e1\u017ee pokr\u00fdt a\u017e 50 % n\u00e1klad\u016f na rekonstrukci<\/strong>.<\/p>\n<figure id=\"attachment_52\" aria-describedby=\"caption-attachment-52\" style=\"width: 495px\" class=\"wp-caption alignnone\"><img loading=\"lazy\" class=\"wp-image-52\" src=\"https:\/\/lunacek.org\/blog\/wp-content\/uploads\/2021\/03\/vy\u0301stavba-zde\u030cne\u0301ho-ni\u0301zkoenergeticke\u0301ho-RD-300x225.jpg\" alt=\"\" width=\"495\" height=\"371\" srcset=\"https:\/\/lunacek.org\/blog\/wp-content\/uploads\/2021\/03\/vy\u0301stavba-zde\u030cne\u0301ho-ni\u0301zkoenergeticke\u0301ho-RD-300x225.jpg 300w, https:\/\/lunacek.org\/blog\/wp-content\/uploads\/2021\/03\/vy\u0301stavba-zde\u030cne\u0301ho-ni\u0301zkoenergeticke\u0301ho-RD-1024x768.jpg 1024w, https:\/\/lunacek.org\/blog\/wp-content\/uploads\/2021\/03\/vy\u0301stavba-zde\u030cne\u0301ho-ni\u0301zkoenergeticke\u0301ho-RD-768x576.jpg 768w, https:\/\/lunacek.org\/blog\/wp-content\/uploads\/2021\/03\/vy\u0301stavba-zde\u030cne\u0301ho-ni\u0301zkoenergeticke\u0301ho-RD-1536x1152.jpg 1536w, https:\/\/lunacek.org\/blog\/wp-content\/uploads\/2021\/03\/vy\u0301stavba-zde\u030cne\u0301ho-ni\u0301zkoenergeticke\u0301ho-RD-2048x1536.jpg 2048w, https:\/\/lunacek.org\/blog\/wp-content\/uploads\/2021\/03\/vy\u0301stavba-zde\u030cne\u0301ho-ni\u0301zkoenergeticke\u0301ho-RD-1568x1176.jpg 1568w\" sizes=\"(max-width: 495px) 100vw, 495px\" \/><figcaption id=\"caption-attachment-52\" class=\"wp-caption-text\">V\u00fdstavba zd\u011bn\u00e9ho n\u00edzkoenergetick\u00e9ho RD<\/figcaption><\/figure>\n<h3><strong>Myslete na finan\u010dn\u00ed spolu\u00fa\u010dast <\/strong><\/h3>\n<p>Jak dotaci \u00fasp\u011b\u0161n\u011b z\u00edskat? P\u0159edn\u011b mus\u00edte po\u010d\u00edtat s\u00a0t\u00edm, \u017ee s\u00a0ka\u017edou dotac\u00ed je <strong>spojena ur\u010dit\u00e1 finan\u010dn\u00ed spolu\u00fa\u010dast<\/strong>. Proto hned na za\u010d\u00e1tku si promyslete, jestli si dotaci v\u016fbec m\u016f\u017eete dovolit. Mnoho lid\u00ed si v\u016fbec neuv\u011bdomuje, \u017ee p\u0159\u00edpadnou stavbu, rekonstrukci nebo n\u00e1kup obnoviteln\u00e9ho zdroje energie je pot\u0159eba zaplatit z\u00a0vlastn\u00edch pen\u011bz. Dotaci na sv\u016fj \u00fa\u010det obdr\u017e\u00edte a\u017e ve chv\u00edli, kdy realizace bude \u00fasp\u011b\u0161n\u011b ukon\u010dena a vy <strong>podpo\u0159en\u00e1 opat\u0159en\u00ed \u0159\u00e1dn\u011b dolo\u017e\u00edte<\/strong>.<\/p>\n<p>Spln\u011bn\u00ed podm\u00ednek dotace se <strong>dokl\u00e1d\u00e1 odborn\u00fdm posudkem<\/strong>, kter\u00fd by m\u011bl zpracovat specialista s p\u0159\u00edslu\u0161nou autorizac\u00ed a opr\u00e1vn\u011bn\u00edm. Posudek se skl\u00e1d\u00e1 ze dvou \u010d\u00e1st\u00ed \u2013 <strong>projektov\u00e9 dokumentace<\/strong> a <strong>energetick\u00e9ho hodnocen\u00ed stavby<\/strong>. Zpracovat projektovou dokumentaci m\u016f\u017ee v\u00fdhradn\u011b <a href=\"https:\/\/www.atelierpmt.cz\/projekcni-a-inzenyrska-cinnost.php\" target=\"_blank\" rel=\"noopener\"><strong>odborn\u00fd projektant<\/strong><\/a>, tedy autorizovan\u00e1 osoba podle p\u0159\u00edslu\u0161n\u00e9ho z\u00e1kona. Energetick\u00e9 hodnocen\u00ed zpracov\u00e1v\u00e1 energetick\u00fd specialista, kter\u00fd je dr\u017eitelem opr\u00e1vn\u011bn\u00ed podle z\u00e1kona o hospoda\u0159en\u00ed energi\u00ed.<\/p>\n<h3>Nepodce\u0148te p\u0159\u00edpravu dokument\u016f<\/h3>\n<p>Dal\u0161\u00edm krokem je p\u0159\u00edprava dokument\u016f k pod\u00e1n\u00ed \u017e\u00e1dosti. Krom\u011b v\u00fd\u0161e zm\u00edn\u011bn\u00e9ho odborn\u00e9ho posudku je\u0161t\u011b budete pot\u0159ebovat vyhotoven\u00fd a podepsan\u00fd <strong>kryc\u00ed list technick\u00fdch parametr\u016f<\/strong>. V p\u0159\u00edpad\u011b, \u017ee v\u00e1s zastupuje jin\u00e1 osoba, je pot\u0159eba dodat v\u00e1mi podepsanou plnou moc. Samotnou \u017e\u00e1dost o dotaci, v\u010detn\u011b p\u0159\u00edloh, lze podat na webov\u00fdch <strong><a href=\"https:\/\/lunacek.org\/rekonstrukce\/zatepleni-fasad.php#\" target=\"_blank\" rel=\"noopener\">str\u00e1nk\u00e1ch programu<\/a><\/strong>, p\u0159\u00edpadn\u011b koresponden\u010dn\u011b v listinn\u00e9 podob\u011b na krajsk\u00e9 pracovi\u0161t\u011b fondu.<\/p>\n<figure id=\"attachment_53\" aria-describedby=\"caption-attachment-53\" style=\"width: 495px\" class=\"wp-caption alignnone\"><img loading=\"lazy\" class=\"wp-image-53\" src=\"https:\/\/lunacek.org\/blog\/wp-content\/uploads\/2021\/03\/zatepleni\u0301-fasa\u0301dy-stare\u0301ho-domu-C\u030ceske\u0301-Bude\u030cjovice-300x225.jpg\" alt=\"\" width=\"495\" height=\"371\" srcset=\"https:\/\/lunacek.org\/blog\/wp-content\/uploads\/2021\/03\/zatepleni\u0301-fasa\u0301dy-stare\u0301ho-domu-C\u030ceske\u0301-Bude\u030cjovice-300x225.jpg 300w, https:\/\/lunacek.org\/blog\/wp-content\/uploads\/2021\/03\/zatepleni\u0301-fasa\u0301dy-stare\u0301ho-domu-C\u030ceske\u0301-Bude\u030cjovice-1024x768.jpg 1024w, https:\/\/lunacek.org\/blog\/wp-content\/uploads\/2021\/03\/zatepleni\u0301-fasa\u0301dy-stare\u0301ho-domu-C\u030ceske\u0301-Bude\u030cjovice-768x576.jpg 768w, https:\/\/lunacek.org\/blog\/wp-content\/uploads\/2021\/03\/zatepleni\u0301-fasa\u0301dy-stare\u0301ho-domu-C\u030ceske\u0301-Bude\u030cjovice-1536x1152.jpg 1536w, https:\/\/lunacek.org\/blog\/wp-content\/uploads\/2021\/03\/zatepleni\u0301-fasa\u0301dy-stare\u0301ho-domu-C\u030ceske\u0301-Bude\u030cjovice-2048x1536.jpg 2048w, https:\/\/lunacek.org\/blog\/wp-content\/uploads\/2021\/03\/zatepleni\u0301-fasa\u0301dy-stare\u0301ho-domu-C\u030ceske\u0301-Bude\u030cjovice-1568x1176.jpg 1568w\" sizes=\"(max-width: 495px) 100vw, 495px\" \/><figcaption id=\"caption-attachment-53\" class=\"wp-caption-text\">Zateplen\u00ed fas\u00e1dy star\u00e9ho domu v \u010cesk\u00fdch Bud\u011bjovic\u00edch<\/figcaption><\/figure>\n<p>Na form\u00e1ln\u00ed prov\u011b\u0159en\u00ed \u017e\u00e1dosti maj\u00ed pracovn\u00edci St\u00e1tn\u00edho fondu \u017eivotn\u00edho prost\u0159ed\u00ed \u010cR 3 t\u00fddny. Dal\u0161\u00ed cca 3 t\u00fddny trv\u00e1 prov\u011b\u0159en\u00ed technick\u00fdch po\u017eadavk\u016f \u017e\u00e1dosti. Kolem 30 dn\u016f je pak <strong>na p\u0159\u00edpadn\u00e1 odstran\u011bn\u00ed nedostatk\u016f<\/strong>, v p\u0159\u00edpad\u011b v\u011bt\u0161\u00edch komplikac\u00ed (nap\u0159. v odborn\u00e9m posudku) lze po\u017e\u00e1dat o prodlou\u017een\u00ed t\u00e9to lh\u016fty. Pokud je v\u0161e v po\u0159\u00e1dku, do sv\u00e9 e-mailov\u00e9 schr\u00e1nky obdr\u017e\u00edte <strong>akcepta\u010dn\u00ed dopis.<\/strong> Podle typu \u017e\u00e1dosti v\u00e1m od t\u00e9to chv\u00edle b\u011b\u017e\u00ed <strong>lh\u016fta 12 a\u017e 36 m\u011bs\u00edc\u016f<\/strong>, b\u011bhem kter\u00e9 by m\u011bla prob\u011bhnout \u010dinnost, o jej\u00ed\u017e podporu \u017e\u00e1d\u00e1te. Nen\u00ed \u017e\u00e1dn\u00fd probl\u00e9m, pokud s prac\u00ed za\u010dnete ji\u017e p\u0159ed doru\u010den\u00edm akcepta\u010dn\u00edho dopisu.<\/p>\n<p>V\u0161em \u017eadatel\u016fm o dotace z programu Nov\u00e1 zelen\u00e1 \u00faspor\u00e1m bychom rozhodn\u011b doporu\u010dili <strong><a href=\"https:\/\/www.atelierpmt.cz\/kontakt.php\" target=\"_blank\" rel=\"noopener\">odborn\u00fd technick\u00fd dozor<\/a><\/strong>. Ide\u00e1ln\u00ed je, pokud technick\u00fd dozor bude nez\u00e1visl\u00fd na realiza\u010dn\u00ed firm\u011b. Z\u00e1v\u011bre\u010dn\u00e1 zpr\u00e1va odborn\u00e9ho technick\u00e9ho dozoru se toti\u017e u n\u011bkter\u00fdch typ\u016f \u017e\u00e1dost\u00ed mus\u00ed dokl\u00e1dat. Dodate\u010dn\u011b se to pak velmi t\u011b\u017eko \u0159e\u0161\u00ed. D\u016fle\u017eit\u00fd je tak\u00e9 <strong>pe\u010dliv\u00fd v\u00fdb\u011br dodavatele<\/strong>, kter\u00fd bude pr\u00e1ce vykon\u00e1vat. A\u0165 u\u017e jde o stavebn\u00ed firmu, v\u00fdrobek nebo materi\u00e1ly, rozhodn\u011b se nesna\u017ete u\u0161et\u0159it za ka\u017edou cenu. Sna\u017ete se vybrat firmu, kter\u00e1 m\u00e1 dostate\u010dnou praxi a osv\u011bd\u010den\u00ed pro vykon\u00e1v\u00e1n\u00ed dan\u00e9ho typu pr\u00e1ce.<\/p>\n<p><em>Nechcete s vy\u0159\u00edzen\u00edm \u017e\u00e1dosti o dotaci z programu Nov\u00e1 zelen\u00e1 \u00faspor\u00e1m ztr\u00e1cet \u010das? Nebo se chcete vyhnout zbyte\u010dn\u00e9mu stresu? Nev\u00e1hejte a <a href=\"https:\/\/www.lunacek.org\/kontakt.php\" target=\"_blank\" rel=\"noopener\"><strong>kontaktujte n\u00e1s<\/strong><\/a> \u2013 vy\u0159\u00edd\u00edme za v\u00e1s pod\u00e1n\u00ed \u017e\u00e1dosti, vypracujeme projektovou dokumentaci a samoz\u0159ejm\u011b zajist\u00edme kompletn\u00ed realizaci. Technick\u00fd dozor pro n\u00e1s pak ve spolupr\u00e1ci zaji\u0161\u0165uje <strong><a href=\"https:\/\/www.atelierpmt.cz\/kontakt.php\" target=\"_blank\" rel=\"noopener\">Projektov\u00fd ateli\u00e9r PMT s.r.o.<\/a><\/strong> pod veden\u00edm Ing. Petra Lu\u0148\u00e1\u010dka a jeho t\u00fdmu.\u00a0<\/em><\/p>\n","protected":false},"excerpt":{"rendered":"<p>Po\u017e\u00e1dejte o dotaci z programu Nov\u00e1 zelen\u00e1 \u00faspor\u00e1m v\u010das Chcete stav\u011bt \u010di rekonstruovat d\u016fm? M\u00e1te z\u00e1jem o tepeln\u00e9 \u010derpadlo? Nebo prost\u011b chcete zlep\u0161it kvalitu sv\u00e9ho bydlen\u00ed za rozumn\u00e9 pen\u00edze? Pak nev\u00e1hejte a co nejd\u0159\u00edve se zapojte do dota\u010dn\u00edho programu Nov\u00e1 zelen\u00e1 \u00faspor\u00e1m. St\u00e1vaj\u00edc\u00ed podoba v sou\u010dasnosti nej\u017e\u00e1dan\u011bj\u0161\u00edho programu kon\u010d\u00ed na konci roku 2021. Zapojte se&#8230;<\/p>\n","protected":false},"author":2,"featured_media":50,"comment_status":"closed","ping_status":"closed","sticky":false,"template":"","format":"standard","meta":[],"categories":[1],"tags":[],"_links":{"self":[{"href":"https:\/\/lunacek.org\/blog\/wp-json\/wp\/v2\/posts\/49"}],"collection":[{"href":"https:\/\/lunacek.org\/blog\/wp-json\/wp\/v2\/posts"}],"about":[{"href":"https:\/\/lunacek.org\/blog\/wp-json\/wp\/v2\/types\/post"}],"author":[{"embeddable":true,"href":"https:\/\/lunacek.org\/blog\/wp-json\/wp\/v2\/users\/2"}],"replies":[{"embeddable":true,"href":"https:\/\/lunacek.org\/blog\/wp-json\/wp\/v2\/comments?post=49"}],"version-history":[{"count":2,"href":"https:\/\/lunacek.org\/blog\/wp-json\/wp\/v2\/posts\/49\/revisions"}],"predecessor-version":[{"id":57,"href":"https:\/\/lunacek.org\/blog\/wp-json\/wp\/v2\/posts\/49\/revisions\/57"}],"wp:featuredmedia":[{"embeddable":true,"href":"https:\/\/lunacek.org\/blog\/wp-json\/wp\/v2\/media\/50"}],"wp:attachment":[{"href":"https:\/\/lunacek.org\/blog\/wp-json\/wp\/v2\/media?parent=49"}],"wp:term":[{"taxonomy":"category","embeddable":true,"href":"https:\/\/lunacek.org\/blog\/wp-json\/wp\/v2\/categories?post=49"},{"taxonomy":"post_tag","embeddable":true,"href":"https:\/\/lunacek.org\/blog\/wp-json\/wp\/v2\/tags?post=49"}],"curies":[{"name":"wp","href":"https:\/\/api.w.org\/{rel}","templated":true}]}}